{"id":11,"date":"2013-05-31T13:45:40","date_gmt":"2013-05-31T16:45:40","guid":{"rendered":"http:\/\/www.soledadurtubey.com.ar\/?p=11"},"modified":"2014-04-04T11:49:53","modified_gmt":"2014-04-04T14:49:53","slug":"argentina-social-una-asignatura-pendiente","status":"publish","type":"post","link":"http:\/\/www.soledadurtubey.com.ar\/?p=11","title":{"rendered":"Argentina social, una asignatura pendiente"},"content":{"rendered":"<p style=\"text-align: justify;\">Durante las \u00faltimas d\u00e9cadas tambi\u00e9n en nuestro pa\u00eds se\u00a0ha instalado el conocido fen\u00f3meno latinoamericano que\u00a0ha sido el desarrollo desgraciado de la inequidad.\u00a0Quedando en evidencia que los ni\u00f1os y los j\u00f3venes son\u00a0las primeras v\u00edctimas de la pobreza en todas sus formas.\u00a0Entendiendo que la responsabilidad social debe traducirse\u00a0en un verdadero compromiso hacia nuestro entorno,\u00a0es que emprenderemos un nuevo desaf\u00edo: la revista\u00a0\u201dEsperanza &amp; Compromiso\u201d, generando as\u00ed un espacio\u00a0m\u00e1s de reflexi\u00f3n que integre la labor solidaria de la ciudadan\u00eda\u00a0en su conjunto.<\/p>\n<p style=\"text-align: justify;\">En este sentido participar\u00e1n todos los actores de la sociedad\u00a0civil, priorizando en este marco la cooperaci\u00f3n y trabajo\u00a0en red de las ONG\u00b4s con toda la comunidad: con las\u00a0empresas para desarrollar sus proyectos sociales, con las\u00a0Instituciones educativas para \u00a0profesionalizarse, con las\u00a0Asociaciones profesionales para perfeccionarse, con el\u00a0aporte de voluntarios, con el sector p\u00fablico para complementarse,\u00a0con los medios de comunicaci\u00f3n para difundir\u00a0lo que se hace, lo que se necesita y donde se hace.<\/p>\n<p style=\"text-align: justify;\">Esta iniciativa parte del pensamiento de que el ser\u00a0humano es el eje de toda acci\u00f3n\u2026 por ello lo invitamos\u00a0a ser parte cont\u00e1ndonos sobre su compromiso social\u00a0solidario a eco@soldelnorteeventos.com.ar.<\/p>\n<p style=\"text-align: justify;\">Un saludo especial a todos los lectores y el deseo de un\u00a0a\u00f1o nuevo exitoso.<\/p>\n<p style=\"text-align: justify;\">editorial<br \/>\npor Mar\u00eda Soledad Urtubey, directora editorial*<br \/>\n* Directora General de Sol del Norte Eventos y Servicios(OPC).<br \/>\nSocia fundadora y vicepresidenta del Salta Convention\u00a0&amp; Visitors Bureau.<br \/>\nProsecretaria de la C\u00e1mara de Turismo de la Provincia\u00a0de Salta.<br \/>\nVocal primera de AOCA, (Asociaci\u00f3n Argentina de\u00a0Organizadores y Proveedores de Exposiciones y\u00a0Congresos).<br \/>\nMiembro de ICCA (International Congress and Convention\u00a0Association).<\/p>\n","protected":false},"excerpt":{"rendered":"<p>Durante las \u00faltimas d\u00e9cadas tambi\u00e9n en nuestro pa\u00eds se\u00a0ha instalado el conocido fen\u00f3meno latinoamericano que\u00a0ha sido el desarrollo desgraciado de la inequidad.\u00a0Quedando en evidencia que los ni\u00f1os y los j\u00f3venes son\u00a0las primeras v\u00edctimas de la pobreza en todas sus formas.\u00a0Entendiendo que la responsabilidad social debe traducirse\u00a0en un verdadero compromiso hacia nuestro entorno,\u00a0es que emprenderemos un [&hellip;]<\/p>\n","protected":false},"author":2,"featured_media":12,"comment_status":"closed","ping_status":"closed","sticky":false,"template":"","format":"standard","meta":{"footnotes":""},"categories":[1],"tags":[7,6,5,4],"_links":{"self":[{"href":"http:\/\/www.soledadurtubey.com.ar\/index.php?rest_route=\/wp\/v2\/posts\/11"}],"collection":[{"href":"http:\/\/www.soledadurtubey.com.ar\/index.php?rest_route=\/wp\/v2\/posts"}],"about":[{"href":"http:\/\/www.soledadurtubey.com.ar\/index.php?rest_route=\/wp\/v2\/types\/post"}],"author":[{"embeddable":true,"href":"http:\/\/www.soledadurtubey.com.ar\/index.php?rest_route=\/wp\/v2\/users\/2"}],"replies":[{"embeddable":true,"href":"http:\/\/www.soledadurtubey.com.ar\/index.php?rest_route=%2Fwp%2Fv2%2Fcomments&post=11"}],"version-history":[{"count":2,"href":"http:\/\/www.soledadurtubey.com.ar\/index.php?rest_route=\/wp\/v2\/posts\/11\/revisions"}],"predecessor-version":[{"id":461,"href":"http:\/\/www.soledadurtubey.com.ar\/index.php?rest_route=\/wp\/v2\/posts\/11\/revisions\/461"}],"wp:featuredmedia":[{"embeddable":true,"href":"http:\/\/www.soledadurtubey.com.ar\/index.php?rest_route=\/wp\/v2\/media\/12"}],"wp:attachment":[{"href":"http:\/\/www.soledadurtubey.com.ar\/index.php?rest_route=%2Fwp%2Fv2%2Fmedia&parent=11"}],"wp:term":[{"taxonomy":"category","embeddable":true,"href":"http:\/\/www.soledadurtubey.com.ar\/index.php?rest_route=%2Fwp%2Fv2%2Fcategories&post=11"},{"taxonomy":"post_tag","embeddable":true,"href":"http:\/\/www.soledadurtubey.com.ar\/index.php?rest_route=%2Fwp%2Fv2%2Ftags&post=11"}],"curies":[{"name":"wp","href":"https:\/\/api.w.org\/{rel}","templated":true}]}}