{"id":26,"date":"2013-05-31T13:53:09","date_gmt":"2013-05-31T16:53:09","guid":{"rendered":"http:\/\/www.soledadurtubey.com.ar\/?p=26"},"modified":"2014-04-04T11:49:25","modified_gmt":"2014-04-04T14:49:25","slug":"congreso-mundial-icca-en-argentina","status":"publish","type":"post","link":"http:\/\/www.soledadurtubey.com.ar\/?p=26","title":{"rendered":"Congreso Mundial ICCA en Argentina"},"content":{"rendered":"<p style=\"text-align: justify;\">Con un fuerte trabajo realizado entre todo el segmento de turismo\u00a0de reuniones del pa\u00eds, y con el liderazgo de INPROTUR Naci\u00f3n,\u00a0Argentina fue elegida como sede del Congreso Mundial 2015 de la\u00a0Asociaci\u00f3n Internacional de Congresos y Convenciones (ICCA),\u00a0tras haber realizado una presentaci\u00f3n apelando tanto a los valores\u00a0tur\u00edsticos, culturales de nuestro pa\u00eds, como a la profesionalidad de\u00a0sus servicios.<\/p>\n<p style=\"text-align: justify;\">El evento m\u00e1s importante para nuestro sector se realizar\u00e1 en la\u00a0Ciudad de Buenos Aires, que se posicion\u00f3 por encima de Houston<br \/>\n(Estados Unidos) y Dubai (Emiratos \u00c1rabes), que hab\u00edan sido -junto\u00a0a Argentina- seleccionadas como finalistas.<\/p>\n<p style=\"text-align: justify;\">El ministro de Turismo de la Naci\u00f3n y presidente del Instituto\u00a0Nacional de Promoci\u00f3n Tur\u00edstica (INPROTUR), Enrique Meyer,\u00a0manifest\u00f3 que \u201ces un honor para la Argentina recibir a este evento\u00a0que nuclea a m\u00e1s de 1.000 organizadores de congresos y viajes de<br \/>\nincentivo, proveedores, compa\u00f1\u00edas a\u00e9reas y organismos oficiales\u00a0de turismo involucrados en la organizaci\u00f3n de reuniones a nivel\u00a0internacional\u201d. Adem\u00e1s destac\u00f3 que \u201ceste evento posiciona a\u00a0nuestro pa\u00eds como destino sede de eventos internacionales de primer\u00a0nivel y consolida la ubicaci\u00f3n que la coloca hoy entre los primeros\u00a020 pa\u00edses del ranking internacional de 103 pa\u00edses del mundo\u00a0que compiten en la captaci\u00f3n de eventos internacionales\u201d.<\/p>\n<p style=\"text-align: justify;\">Al respecto, Argentina en 2011 fue elegido pa\u00eds sede de 186\u00a0congresos internacionales, con lo que obtuvo el puesto 18\u00b0 en el<br \/>\nranking mundial.\u00a0Asimismo, desde el Salta Convention &amp; Visitors Bureau, continuamos\u00a0trabajando con la calidad y la profesionalizaci\u00f3n del Turismo\u00a0de Reuniones mediante la implementaci\u00f3n del Plan de Marketing\u00a0de Turismo de Reuniones de Salta, con el objetivo de lograr el\u00a0mayor crecimiento del sector dentro de nuestra Provincia.<\/p>\n<p style=\"text-align: justify;\">por Mar\u00eda Soledad Urtubey, directora editorial*<br \/>\n* Directora General de Sol del Norte Eventos y Servicios (OPC).<br \/>\nSocia fundadora y vicepresidenta del Salta Convention &amp; Visitors Bureau.<br \/>\nProsecretaria de la C\u00e1mara de Turismo de la Provincia de Salta.<\/p>\n<p style=\"text-align: justify;\">Protesorera de AOCA, (Asociaci\u00f3n Argentina de Organizadores y\u00a0<em id=\"__mceDel\">Proveedores de Exposiciones y Congresos).<\/em><\/p>\n<p style=\"text-align: justify;\"><em id=\"__mceDel\">Miembro de ICCA (International Congress and Convention Association).<\/em><\/p>\n","protected":false},"excerpt":{"rendered":"<p>Con un fuerte trabajo realizado entre todo el segmento de turismo\u00a0de reuniones del pa\u00eds, y con el liderazgo de INPROTUR Naci\u00f3n,\u00a0Argentina fue elegida como sede del Congreso Mundial 2015 de la\u00a0Asociaci\u00f3n Internacional de Congresos y Convenciones (ICCA),\u00a0tras haber realizado una presentaci\u00f3n apelando tanto a los valores\u00a0tur\u00edsticos, culturales de nuestro pa\u00eds, como a la profesionalidad de\u00a0sus [&hellip;]<\/p>\n","protected":false},"author":2,"featured_media":27,"comment_status":"closed","ping_status":"closed","sticky":false,"template":"","format":"standard","meta":{"footnotes":""},"categories":[1],"tags":[7,6,5,4],"_links":{"self":[{"href":"http:\/\/www.soledadurtubey.com.ar\/index.php?rest_route=\/wp\/v2\/posts\/26"}],"collection":[{"href":"http:\/\/www.soledadurtubey.com.ar\/index.php?rest_route=\/wp\/v2\/posts"}],"about":[{"href":"http:\/\/www.soledadurtubey.com.ar\/index.php?rest_route=\/wp\/v2\/types\/post"}],"author":[{"embeddable":true,"href":"http:\/\/www.soledadurtubey.com.ar\/index.php?rest_route=\/wp\/v2\/users\/2"}],"replies":[{"embeddable":true,"href":"http:\/\/www.soledadurtubey.com.ar\/index.php?rest_route=%2Fwp%2Fv2%2Fcomments&post=26"}],"version-history":[{"count":1,"href":"http:\/\/www.soledadurtubey.com.ar\/index.php?rest_route=\/wp\/v2\/posts\/26\/revisions"}],"predecessor-version":[{"id":28,"href":"http:\/\/www.soledadurtubey.com.ar\/index.php?rest_route=\/wp\/v2\/posts\/26\/revisions\/28"}],"wp:featuredmedia":[{"embeddable":true,"href":"http:\/\/www.soledadurtubey.com.ar\/index.php?rest_route=\/wp\/v2\/media\/27"}],"wp:attachment":[{"href":"http:\/\/www.soledadurtubey.com.ar\/index.php?rest_route=%2Fwp%2Fv2%2Fmedia&parent=26"}],"wp:term":[{"taxonomy":"category","embeddable":true,"href":"http:\/\/www.soledadurtubey.com.ar\/index.php?rest_route=%2Fwp%2Fv2%2Fcategories&post=26"},{"taxonomy":"post_tag","embeddable":true,"href":"http:\/\/www.soledadurtubey.com.ar\/index.php?rest_route=%2Fwp%2Fv2%2Ftags&post=26"}],"curies":[{"name":"wp","href":"https:\/\/api.w.org\/{rel}","templated":true}]}}