{"id":885,"date":"2023-11-09T08:20:36","date_gmt":"2023-11-09T11:20:36","guid":{"rendered":"http:\/\/www.soledadurtubey.com.ar\/?p=885"},"modified":"2023-11-09T08:43:32","modified_gmt":"2023-11-09T11:43:32","slug":"la-ciencia-y-la-paz-por-soledad-urtubey-consultora-de-eventos","status":"publish","type":"post","link":"http:\/\/www.soledadurtubey.com.ar\/?p=885","title":{"rendered":"La Ciencia y la Paz por Soledad Urtubey, Consultora de Eventos"},"content":{"rendered":"\n<figure class=\"wp-block-image size-large\"><a href=\"http:\/\/www.soledadurtubey.com.ar\/wp-content\/uploads\/2023\/11\/120451B3-7FD5-467D-BEDB-3A9E541D0C65-scaled.jpeg\"><img loading=\"lazy\" decoding=\"async\" width=\"1024\" height=\"1024\" src=\"http:\/\/www.soledadurtubey.com.ar\/wp-content\/uploads\/2023\/11\/120451B3-7FD5-467D-BEDB-3A9E541D0C65-1024x1024.jpeg\" alt=\"\" class=\"wp-image-886\" srcset=\"http:\/\/www.soledadurtubey.com.ar\/wp-content\/uploads\/2023\/11\/120451B3-7FD5-467D-BEDB-3A9E541D0C65-1024x1024.jpeg 1024w, http:\/\/www.soledadurtubey.com.ar\/wp-content\/uploads\/2023\/11\/120451B3-7FD5-467D-BEDB-3A9E541D0C65-300x300.jpeg 300w, http:\/\/www.soledadurtubey.com.ar\/wp-content\/uploads\/2023\/11\/120451B3-7FD5-467D-BEDB-3A9E541D0C65-150x150.jpeg 150w, http:\/\/www.soledadurtubey.com.ar\/wp-content\/uploads\/2023\/11\/120451B3-7FD5-467D-BEDB-3A9E541D0C65-768x768.jpeg 768w, http:\/\/www.soledadurtubey.com.ar\/wp-content\/uploads\/2023\/11\/120451B3-7FD5-467D-BEDB-3A9E541D0C65-1536x1536.jpeg 1536w, http:\/\/www.soledadurtubey.com.ar\/wp-content\/uploads\/2023\/11\/120451B3-7FD5-467D-BEDB-3A9E541D0C65-2048x2048.jpeg 2048w\" sizes=\"(max-width: 1024px) 100vw, 1024px\" \/><\/a><\/figure>\n\n\n\n<p>Una semana de actividades internacionales para promover y celebrar el Dia mundial<br>de la Ciencia para la Paz y el Desarrollo.<\/p>\n\n\n\n<p><br>\u00a1\u00a1Los que formamos parte de la industria de reuniones felicitamos a todos los<br>investigadores cient\u00edficos que trabajan sin descanso por el bien de todos!!<\/p>\n\n\n\n<p><br>En cada destino sede de eventos trabajamos juntos -la oferta y la demanda del<br>mercado de eventos- para contribuir a generar m\u00e1s valor social, cultural, econ\u00f3mico y<br>ambiental para las comunidades de todos.<\/p>\n\n\n\n<p><br>Por ello, es por lo que en espacios institucionalizados de dialogo y concertaci\u00f3n -como<br>son los congresos y\/o convenciones- generamos herramientas profesionales y<br>plataformas optimas no solo para la transferencia e intercambio profesional de<br>conocimientos afines a la tem\u00e1tica espec\u00edfica del encuentro sino tambi\u00e9n para<br>cooperar en la difusi\u00f3n de problem\u00e1ticas globales, como es la relaci\u00f3n vinculante entre<br>el progreso cient\u00edfico y tecnol\u00f3gico con el mantenimiento de la paz y la seguridad. <\/p>\n\n\n\n<p>Sin lugar a duda la ciencia y la tecnolog\u00eda aportan soluciones acertadas y\/o procesos<br>innovadores que dan respuesta a los desaf\u00edos que debemos enfrentar como sociedad.<\/p>\n\n\n\n<p> #ConcientizacionSocial #CompromisoSolidario #MundoMejor<\/p>\n\n\n\n<p>10 de Noviembre 2023, Argentina.<\/p>\n","protected":false},"excerpt":{"rendered":"<p>Una semana de actividades internacionales para promover y celebrar el Dia mundialde la Ciencia para la Paz y el Desarrollo. \u00a1\u00a1Los que formamos parte de la industria de reuniones felicitamos a todos losinvestigadores cient\u00edficos que trabajan sin descanso por el bien de todos!! En cada destino sede de eventos trabajamos juntos -la oferta y la [&hellip;]<\/p>\n","protected":false},"author":2,"featured_media":886,"comment_status":"closed","ping_status":"closed","sticky":false,"template":"","format":"standard","meta":{"footnotes":""},"categories":[3],"tags":[],"_links":{"self":[{"href":"http:\/\/www.soledadurtubey.com.ar\/index.php?rest_route=\/wp\/v2\/posts\/885"}],"collection":[{"href":"http:\/\/www.soledadurtubey.com.ar\/index.php?rest_route=\/wp\/v2\/posts"}],"about":[{"href":"http:\/\/www.soledadurtubey.com.ar\/index.php?rest_route=\/wp\/v2\/types\/post"}],"author":[{"embeddable":true,"href":"http:\/\/www.soledadurtubey.com.ar\/index.php?rest_route=\/wp\/v2\/users\/2"}],"replies":[{"embeddable":true,"href":"http:\/\/www.soledadurtubey.com.ar\/index.php?rest_route=%2Fwp%2Fv2%2Fcomments&post=885"}],"version-history":[{"count":2,"href":"http:\/\/www.soledadurtubey.com.ar\/index.php?rest_route=\/wp\/v2\/posts\/885\/revisions"}],"predecessor-version":[{"id":888,"href":"http:\/\/www.soledadurtubey.com.ar\/index.php?rest_route=\/wp\/v2\/posts\/885\/revisions\/888"}],"wp:featuredmedia":[{"embeddable":true,"href":"http:\/\/www.soledadurtubey.com.ar\/index.php?rest_route=\/wp\/v2\/media\/886"}],"wp:attachment":[{"href":"http:\/\/www.soledadurtubey.com.ar\/index.php?rest_route=%2Fwp%2Fv2%2Fmedia&parent=885"}],"wp:term":[{"taxonomy":"category","embeddable":true,"href":"http:\/\/www.soledadurtubey.com.ar\/index.php?rest_route=%2Fwp%2Fv2%2Fcategories&post=885"},{"taxonomy":"post_tag","embeddable":true,"href":"http:\/\/www.soledadurtubey.com.ar\/index.php?rest_route=%2Fwp%2Fv2%2Ftags&post=885"}],"curies":[{"name":"wp","href":"https:\/\/api.w.org\/{rel}","templated":true}]}}