{"id":900,"date":"2023-12-02T16:04:23","date_gmt":"2023-12-02T19:04:23","guid":{"rendered":"http:\/\/www.soledadurtubey.com.ar\/?p=900"},"modified":"2023-12-07T16:10:52","modified_gmt":"2023-12-07T19:10:52","slug":"construyendo-sociedades-inclusivas-por-soledad-urtubey-consultora-en-eventos","status":"publish","type":"post","link":"http:\/\/www.soledadurtubey.com.ar\/?p=900","title":{"rendered":"Construyendo sociedades inclusivas por Soledad Urtubey Consultora en Eventos"},"content":{"rendered":"\n<figure class=\"wp-block-image size-large\"><a href=\"http:\/\/www.soledadurtubey.com.ar\/wp-content\/uploads\/2023\/12\/2dic-scaled.jpeg\"><img loading=\"lazy\" decoding=\"async\" width=\"1024\" height=\"1024\" src=\"http:\/\/www.soledadurtubey.com.ar\/wp-content\/uploads\/2023\/12\/2dic-1024x1024.jpeg\" alt=\"\" class=\"wp-image-901\" srcset=\"http:\/\/www.soledadurtubey.com.ar\/wp-content\/uploads\/2023\/12\/2dic-1024x1024.jpeg 1024w, http:\/\/www.soledadurtubey.com.ar\/wp-content\/uploads\/2023\/12\/2dic-300x300.jpeg 300w, http:\/\/www.soledadurtubey.com.ar\/wp-content\/uploads\/2023\/12\/2dic-150x150.jpeg 150w, http:\/\/www.soledadurtubey.com.ar\/wp-content\/uploads\/2023\/12\/2dic-768x768.jpeg 768w, http:\/\/www.soledadurtubey.com.ar\/wp-content\/uploads\/2023\/12\/2dic-1536x1536.jpeg 1536w, http:\/\/www.soledadurtubey.com.ar\/wp-content\/uploads\/2023\/12\/2dic-2048x2048.jpeg 2048w\" sizes=\"(max-width: 1024px) 100vw, 1024px\" \/><\/a><\/figure>\n\n\n\n<p>En estos d\u00edas se conmemora el d\u00eda mundial del futuro bajo el lema \u201cConstruyendo sociedades inclusivas y resilientes\u201d. Recientemente la UNESCO declaro este d\u00eda con el objetivo de invitar a todos los pa\u00edses del mundo a desarrollar y aplicar iniciativas sostenibles para asegurar un futuro sostenible para toda la humanidad.<\/p>\n\n\n\n<p>Constituye una oportunidad para renovar nuestras capacidades para fomentar la innovaci\u00f3n de los procesos de inteligencia colectiva, para investigar y promover la investigaci\u00f3n del pensamiento del futuro, para analizar y concientizar sobre la alfabetizaci\u00f3n del futuro.<\/p>\n\n\n\n<p>En el turismo de reuniones sostenemos que el conocimiento es el gran promotor de la competitividad de un destino como sede de eventos puesto que los eventos son espacios institucionales para intercambiar conocimientos, tendencias y buenas pr\u00e1cticas referidas a la actividad profesional que cada evento promueve. As\u00ed pues, los eventos son una herramienta para la educaci\u00f3n continua, el aprendizaje social y la profesionalizaci\u00f3n sostenible.<\/p>\n\n\n\n<p>En la industria de eventos, los actores involucrados en la prestaci\u00f3n de servicios de la cadena de valor del sector, tambi\u00e9n se comprometen empresarial y socialmente con el bienestar futuro de sus comunidades: a trav\u00e9s de una alianza estrat\u00e9gica entre todos los que conforman la oferta de servicios de un destino sede de eventos y formalizan en la figura de los Bureaux de Convenciones. Con objetivos claros, gestiones eficientes y acciones concretas expresan su firme vocaci\u00f3n de trabajar en equipo para promover el desarrollo sostenible del sector: tanto en lo ecol\u00f3gico como en lo econ\u00f3mico y social.<\/p>\n\n\n\n<p>\u00a1\u00a1Renovemos en cada evento nuestro compromiso social ciudadano por un futuro mejor para nuestras comunidades!!<\/p>\n\n\n\n<p>#ConcientizacionSocial #CompromisoSolidario #MundoMejor #FuturoSostenible<\/p>\n\n\n\n<p>2 Diciembre 2023, Argentina<\/p>\n\n\n\n<p><\/p>\n","protected":false},"excerpt":{"rendered":"<p>En estos d\u00edas se conmemora el d\u00eda mundial del futuro bajo el lema \u201cConstruyendo sociedades inclusivas y resilientes\u201d. Recientemente la UNESCO declaro este d\u00eda con el objetivo de invitar a todos los pa\u00edses del mundo a desarrollar y aplicar iniciativas sostenibles para asegurar un futuro sostenible para toda la humanidad. Constituye una oportunidad para renovar [&hellip;]<\/p>\n","protected":false},"author":2,"featured_media":901,"comment_status":"closed","ping_status":"closed","sticky":false,"template":"","format":"standard","meta":{"footnotes":""},"categories":[3],"tags":[],"_links":{"self":[{"href":"http:\/\/www.soledadurtubey.com.ar\/index.php?rest_route=\/wp\/v2\/posts\/900"}],"collection":[{"href":"http:\/\/www.soledadurtubey.com.ar\/index.php?rest_route=\/wp\/v2\/posts"}],"about":[{"href":"http:\/\/www.soledadurtubey.com.ar\/index.php?rest_route=\/wp\/v2\/types\/post"}],"author":[{"embeddable":true,"href":"http:\/\/www.soledadurtubey.com.ar\/index.php?rest_route=\/wp\/v2\/users\/2"}],"replies":[{"embeddable":true,"href":"http:\/\/www.soledadurtubey.com.ar\/index.php?rest_route=%2Fwp%2Fv2%2Fcomments&post=900"}],"version-history":[{"count":1,"href":"http:\/\/www.soledadurtubey.com.ar\/index.php?rest_route=\/wp\/v2\/posts\/900\/revisions"}],"predecessor-version":[{"id":902,"href":"http:\/\/www.soledadurtubey.com.ar\/index.php?rest_route=\/wp\/v2\/posts\/900\/revisions\/902"}],"wp:featuredmedia":[{"embeddable":true,"href":"http:\/\/www.soledadurtubey.com.ar\/index.php?rest_route=\/wp\/v2\/media\/901"}],"wp:attachment":[{"href":"http:\/\/www.soledadurtubey.com.ar\/index.php?rest_route=%2Fwp%2Fv2%2Fmedia&parent=900"}],"wp:term":[{"taxonomy":"category","embeddable":true,"href":"http:\/\/www.soledadurtubey.com.ar\/index.php?rest_route=%2Fwp%2Fv2%2Fcategories&post=900"},{"taxonomy":"post_tag","embeddable":true,"href":"http:\/\/www.soledadurtubey.com.ar\/index.php?rest_route=%2Fwp%2Fv2%2Ftags&post=900"}],"curies":[{"name":"wp","href":"https:\/\/api.w.org\/{rel}","templated":true}]}}