{"id":906,"date":"2023-12-13T09:17:00","date_gmt":"2023-12-13T12:17:00","guid":{"rendered":"http:\/\/www.soledadurtubey.com.ar\/?p=906"},"modified":"2023-12-07T16:20:03","modified_gmt":"2023-12-07T19:20:03","slug":"compromiso-con-la-agenda-2030-por-soledad-urtubey-consultora-en-eventos","status":"publish","type":"post","link":"http:\/\/www.soledadurtubey.com.ar\/?p=906","title":{"rendered":"Compromiso con la Agenda 2030 Por Soledad Urtubey Consultora en Eventos"},"content":{"rendered":"\n<figure class=\"wp-block-image size-large\"><a href=\"http:\/\/www.soledadurtubey.com.ar\/wp-content\/uploads\/2023\/12\/13-dic-scaled.jpeg\"><img loading=\"lazy\" decoding=\"async\" width=\"1024\" height=\"1024\" src=\"http:\/\/www.soledadurtubey.com.ar\/wp-content\/uploads\/2023\/12\/13-dic-1024x1024.jpeg\" alt=\"\" class=\"wp-image-907\" srcset=\"http:\/\/www.soledadurtubey.com.ar\/wp-content\/uploads\/2023\/12\/13-dic-1024x1024.jpeg 1024w, http:\/\/www.soledadurtubey.com.ar\/wp-content\/uploads\/2023\/12\/13-dic-300x300.jpeg 300w, http:\/\/www.soledadurtubey.com.ar\/wp-content\/uploads\/2023\/12\/13-dic-150x150.jpeg 150w, http:\/\/www.soledadurtubey.com.ar\/wp-content\/uploads\/2023\/12\/13-dic-768x768.jpeg 768w, http:\/\/www.soledadurtubey.com.ar\/wp-content\/uploads\/2023\/12\/13-dic-1536x1536.jpeg 1536w, http:\/\/www.soledadurtubey.com.ar\/wp-content\/uploads\/2023\/12\/13-dic-2048x2048.jpeg 2048w\" sizes=\"(max-width: 1024px) 100vw, 1024px\" \/><\/a><\/figure>\n\n\n\n<p>Como consecuencia de los acelerados avances mundiales derivados de la tecnolog\u00eda y la ciencia, y junto a la intensa globalizaci\u00f3n mundial, nos encontramos frente a una reconfiguraci\u00f3n del orden social, econ\u00f3mico, ambiental y pol\u00edtico a nivel global. Por ello pareciera que tambi\u00e9n es momento de que como ciudadanos del mundo debamos, desde cada espacio de encuentros profesionales -como son los eventos- involucrarnos en las problem\u00e1ticas globales para alcanzar mayores niveles de bienestar que permitan reducir la desigualdad y sumar prosperidad a las comunidades donde habitamos.<\/p>\n\n\n\n<p>Sin lugar a duda, el individuo del siglo 21 se desenvuelve en un entorno extremadamente din\u00e1mico y va a vivir mas a\u00f1os y en sociedades mas diversas, va a convivir con inteligencia artificial que le resolver\u00e1 algunos problemas y que tambi\u00e9n generara m\u00e1s desaf\u00edos \u201ctanto desde el punto de vista practico como \u00e9tico\u201d, y claramente va a tener que hacer frente a cambios medioambientales que lo obligaran a reajustar expectativas y adaptar h\u00e1bitos de vida y consumo.<\/p>\n\n\n\n<p><br>\u00bfComo podemos intervenir para lograr que todos -como ciudadanos activos de nuestras comunidades- nos involucremos tambi\u00e9n en el aprendizaje social y potenciemos nuestras fortalezas como seres sociales para contribuir en el abordaje de los principios de desarrollo sustentable de la sociedad en que vivimos?<\/p>\n\n\n\n<p>\u00bfC\u00f3mo -desde nuestros lugares de trabajo- podemos potenciar las herramientas y habilidades profesionales que sumen desarrollo y prosperidad? \u00bfEn nuestro sector seria a trav\u00e9s de los eventos? Esta claro que los eventos son una herramienta sostenible para el desarrollo de competencias y conocimientos espec\u00edficos en pos de la actualizaci\u00f3n continua de profesionales y\/o dirigentes adultos en las tem\u00e1ticas de su profesi\u00f3n. Por eso sostenemos que los eventos son una gran herramienta de comunicaci\u00f3n y concluimos diciendo que en la industria de reuniones disponemos de espacios institucionales ideales para concientizar y promover los Objetivos Mundiales de Desarrollo Sustentable.<\/p>\n\n\n\n<p>Los eventos son una gran oportunidad para que desde sus plataformas, todos -tanto la oferta como la demanda del sector-, formalicemos nuestro aporte social mediante la promoci\u00f3n de los Objetivos de Desarrollo Sustentable para que entre todos encontremos soluciones a las problem\u00e1ticas globales del mundo.<\/p>\n\n\n\n<p>\u00a1\u00a1Renovemos en cada evento nuestro compromiso social ciudadano por un futuro mejor para nuestras comunidades!!<\/p>\n\n\n\n<p>#ConcientizacionSocial #Concientizar #Aprendizaje #Social #CompromisoSolidario #MundoMejor #FuturoSostenible #Meeting #Event #eventos<\/p>\n\n\n\n<p>13 Diciembre 2023, Argentina<\/p>\n","protected":false},"excerpt":{"rendered":"<p>Como consecuencia de los acelerados avances mundiales derivados de la tecnolog\u00eda y la ciencia, y junto a la intensa globalizaci\u00f3n mundial, nos encontramos frente a una reconfiguraci\u00f3n del orden social, econ\u00f3mico, ambiental y pol\u00edtico a nivel global. Por ello pareciera que tambi\u00e9n es momento de que como ciudadanos del mundo debamos, desde cada espacio de [&hellip;]<\/p>\n","protected":false},"author":3,"featured_media":907,"comment_status":"closed","ping_status":"closed","sticky":false,"template":"","format":"standard","meta":{"footnotes":""},"categories":[3],"tags":[],"_links":{"self":[{"href":"http:\/\/www.soledadurtubey.com.ar\/index.php?rest_route=\/wp\/v2\/posts\/906"}],"collection":[{"href":"http:\/\/www.soledadurtubey.com.ar\/index.php?rest_route=\/wp\/v2\/posts"}],"about":[{"href":"http:\/\/www.soledadurtubey.com.ar\/index.php?rest_route=\/wp\/v2\/types\/post"}],"author":[{"embeddable":true,"href":"http:\/\/www.soledadurtubey.com.ar\/index.php?rest_route=\/wp\/v2\/users\/3"}],"replies":[{"embeddable":true,"href":"http:\/\/www.soledadurtubey.com.ar\/index.php?rest_route=%2Fwp%2Fv2%2Fcomments&post=906"}],"version-history":[{"count":1,"href":"http:\/\/www.soledadurtubey.com.ar\/index.php?rest_route=\/wp\/v2\/posts\/906\/revisions"}],"predecessor-version":[{"id":908,"href":"http:\/\/www.soledadurtubey.com.ar\/index.php?rest_route=\/wp\/v2\/posts\/906\/revisions\/908"}],"wp:featuredmedia":[{"embeddable":true,"href":"http:\/\/www.soledadurtubey.com.ar\/index.php?rest_route=\/wp\/v2\/media\/907"}],"wp:attachment":[{"href":"http:\/\/www.soledadurtubey.com.ar\/index.php?rest_route=%2Fwp%2Fv2%2Fmedia&parent=906"}],"wp:term":[{"taxonomy":"category","embeddable":true,"href":"http:\/\/www.soledadurtubey.com.ar\/index.php?rest_route=%2Fwp%2Fv2%2Fcategories&post=906"},{"taxonomy":"post_tag","embeddable":true,"href":"http:\/\/www.soledadurtubey.com.ar\/index.php?rest_route=%2Fwp%2Fv2%2Ftags&post=906"}],"curies":[{"name":"wp","href":"https:\/\/api.w.org\/{rel}","templated":true}]}}